{"id":1036,"date":"2023-04-25T06:13:37","date_gmt":"2023-04-25T06:13:37","guid":{"rendered":"https:\/\/sanvicentedepaul-mataderos.edu.ar\/?p=1036"},"modified":"2023-06-20T16:12:29","modified_gmt":"2023-06-20T16:12:29","slug":"llego-el-circo-al-sanvi","status":"publish","type":"post","link":"https:\/\/sanvicentedepaul-mataderos.edu.ar\/?p=1036","title":{"rendered":"Proyecto Biblioteca"},"content":{"rendered":"\n[et_pb_section fb_built=\u00bb1&#8243; _builder_version=\u00bb4.19.5&#8243; _module_preset=\u00bbdefault\u00bb global_colors_info=\u00bb{}\u00bb][et_pb_row column_structure=\u00bb1_2,1_2&#8243; _builder_version=\u00bb4.19.5&#8243; _module_preset=\u00bbdefault\u00bb global_colors_info=\u00bb{}\u00bb][et_pb_column type=\u00bb1_2&#8243; _builder_version=\u00bb4.19.5&#8243; _module_preset=\u00bbdefault\u00bb global_colors_info=\u00bb{}\u00bb][et_pb_text _builder_version=\u00bb4.19.5&#8243; _module_preset=\u00bbdefault\u00bb custom_padding=\u00bb||1px|||\u00bb global_colors_info=\u00bb{}\u00bb]<p style=\"text-align: center;\">\u201cEl Proyecto de Biblioteca va llegando al Jard\u00edn. En esta oportunidad recibimos para las salas de 4 y 4 a\u00f1os un espect\u00e1culo \u201cVecinas que cantan y cuentan\u201d. Historias de dos vecinas, musicalizadas con variados instrumentos\u2026seguimos acercando cultura a nuestras infancias\u201d\u2026<\/p>[\/et_pb_text][\/et_pb_column][et_pb_column type=\u00bb1_2&#8243; _builder_version=\u00bb4.19.5&#8243; _module_preset=\u00bbdefault\u00bb global_colors_info=\u00bb{}\u00bb][et_pb_video src=\u00bbhttps:\/\/sanvicentedepaul-mataderos.edu.ar\/wp-content\/uploads\/2023\/06\/Video2.mp4&#8243; _builder_version=\u00bb4.21.0&#8243; _module_preset=\u00bbdefault\u00bb hover_enabled=\u00bb0&#8243; global_colors_info=\u00bb{}\u00bb title_text=\u00bbVideo2&#8243; sticky_enabled=\u00bb0&#8243;][\/et_pb_video][\/et_pb_column][\/et_pb_row][\/et_pb_section]\n","protected":false},"excerpt":{"rendered":"<p>Proyecto Biblioteca<\/p>\n","protected":false},"author":3,"featured_media":1129,"comment_status":"closed","ping_status":"closed","sticky":false,"template":"","format":"standard","meta":{"_et_pb_use_builder":"on","_et_pb_old_content":"","_et_gb_content_width":"","_uag_custom_page_level_css":"","footnotes":""},"categories":[10],"tags":[],"class_list":["post-1036","post","type-post","status-publish","format-standard","has-post-thumbnail","hentry","category-actividad"],"gutentor_comment":0,"uagb_featured_image_src":{"full":["https:\/\/sanvicentedepaul-mataderos.edu.ar\/wp-content\/uploads\/2023\/04\/Imagen01.png",429,390,false],"thumbnail":["https:\/\/sanvicentedepaul-mataderos.edu.ar\/wp-content\/uploads\/2023\/04\/Imagen01-150x150.png",150,150,true],"medium":["https:\/\/sanvicentedepaul-mataderos.edu.ar\/wp-content\/uploads\/2023\/04\/Imagen01-300x300.png",300,300,true],"medium_large":["https:\/\/sanvicentedepaul-mataderos.edu.ar\/wp-content\/uploads\/2023\/04\/Imagen01.png",429,390,false],"large":["https:\/\/sanvicentedepaul-mataderos.edu.ar\/wp-content\/uploads\/2023\/04\/Imagen01.png",429,390,false],"elegant_blocks_team_1":["https:\/\/sanvicentedepaul-mataderos.edu.ar\/wp-content\/uploads\/2023\/04\/Imagen01.png",429,390,false],"elegant_blocks_blog_1":["https:\/\/sanvicentedepaul-mataderos.edu.ar\/wp-content\/uploads\/2023\/04\/Imagen01.png",429,390,false],"elegant_blocks_slider_1":["https:\/\/sanvicentedepaul-mataderos.edu.ar\/wp-content\/uploads\/2023\/04\/Imagen01.png",429,390,false],"1536x1536":["https:\/\/sanvicentedepaul-mataderos.edu.ar\/wp-content\/uploads\/2023\/04\/Imagen01.png",429,390,false],"2048x2048":["https:\/\/sanvicentedepaul-mataderos.edu.ar\/wp-content\/uploads\/2023\/04\/Imagen01.png",429,390,false],"et-pb-post-main-image":["https:\/\/sanvicentedepaul-mataderos.edu.ar\/wp-content\/uploads\/2023\/04\/Imagen01-400x250.png",400,250,true],"et-pb-post-main-image-fullwidth":["https:\/\/sanvicentedepaul-mataderos.edu.ar\/wp-content\/uploads\/2023\/04\/Imagen01.png",429,390,false],"et-pb-portfolio-image":["https:\/\/sanvicentedepaul-mataderos.edu.ar\/wp-content\/uploads\/2023\/04\/Imagen01-400x284.png",400,284,true],"et-pb-portfolio-module-image":["https:\/\/sanvicentedepaul-mataderos.edu.ar\/wp-content\/uploads\/2023\/04\/Imagen01-429x382.png",429,382,true],"et-pb-portfolio-image-single":["https:\/\/sanvicentedepaul-mataderos.edu.ar\/wp-content\/uploads\/2023\/04\/Imagen01.png",429,390,false],"et-pb-gallery-module-image-portrait":["https:\/\/sanvicentedepaul-mataderos.edu.ar\/wp-content\/uploads\/2023\/04\/Imagen01-400x390.png",400,390,true],"et-pb-post-main-image-fullwidth-large":["https:\/\/sanvicentedepaul-mataderos.edu.ar\/wp-content\/uploads\/2023\/04\/Imagen01.png",429,390,false],"et-pb-image--responsive--desktop":["https:\/\/sanvicentedepaul-mataderos.edu.ar\/wp-content\/uploads\/2023\/04\/Imagen01.png",429,390,false],"et-pb-image--responsive--tablet":["https:\/\/sanvicentedepaul-mataderos.edu.ar\/wp-content\/uploads\/2023\/04\/Imagen01.png",429,390,false],"et-pb-image--responsive--phone":["https:\/\/sanvicentedepaul-mataderos.edu.ar\/wp-content\/uploads\/2023\/04\/Imagen01.png",297,270,false]},"uagb_author_info":{"display_name":"Nestor Pelizzari","author_link":"https:\/\/sanvicentedepaul-mataderos.edu.ar\/?author=3"},"uagb_comment_info":0,"uagb_excerpt":"Proyecto Biblioteca","_links":{"self":[{"href":"https:\/\/sanvicentedepaul-mataderos.edu.ar\/index.php?rest_route=\/wp\/v2\/posts\/1036","targetHints":{"allow":["GET"]}}],"collection":[{"href":"https:\/\/sanvicentedepaul-mataderos.edu.ar\/index.php?rest_route=\/wp\/v2\/posts"}],"about":[{"href":"https:\/\/sanvicentedepaul-mataderos.edu.ar\/index.php?rest_route=\/wp\/v2\/types\/post"}],"author":[{"embeddable":true,"href":"https:\/\/sanvicentedepaul-mataderos.edu.ar\/index.php?rest_route=\/wp\/v2\/users\/3"}],"replies":[{"embeddable":true,"href":"https:\/\/sanvicentedepaul-mataderos.edu.ar\/index.php?rest_route=%2Fwp%2Fv2%2Fcomments&post=1036"}],"version-history":[{"count":6,"href":"https:\/\/sanvicentedepaul-mataderos.edu.ar\/index.php?rest_route=\/wp\/v2\/posts\/1036\/revisions"}],"predecessor-version":[{"id":1128,"href":"https:\/\/sanvicentedepaul-mataderos.edu.ar\/index.php?rest_route=\/wp\/v2\/posts\/1036\/revisions\/1128"}],"wp:featuredmedia":[{"embeddable":true,"href":"https:\/\/sanvicentedepaul-mataderos.edu.ar\/index.php?rest_route=\/wp\/v2\/media\/1129"}],"wp:attachment":[{"href":"https:\/\/sanvicentedepaul-mataderos.edu.ar\/index.php?rest_route=%2Fwp%2Fv2%2Fmedia&parent=1036"}],"wp:term":[{"taxonomy":"category","embeddable":true,"href":"https:\/\/sanvicentedepaul-mataderos.edu.ar\/index.php?rest_route=%2Fwp%2Fv2%2Fcategories&post=1036"},{"taxonomy":"post_tag","embeddable":true,"href":"https:\/\/sanvicentedepaul-mataderos.edu.ar\/index.php?rest_route=%2Fwp%2Fv2%2Ftags&post=1036"}],"curies":[{"name":"wp","href":"https:\/\/api.w.org\/{rel}","templated":true}]}}