{"id":1322,"date":"2024-06-11T14:35:11","date_gmt":"2024-06-11T14:35:11","guid":{"rendered":"https:\/\/sanvicentedepaul-mataderos.edu.ar\/?p=1322"},"modified":"2024-06-11T14:36:12","modified_gmt":"2024-06-11T14:36:12","slug":"la-playa-3","status":"publish","type":"post","link":"https:\/\/sanvicentedepaul-mataderos.edu.ar\/?p=1322","title":{"rendered":"Proyecto anual de bibliotecas de sala"},"content":{"rendered":"<p>[et_pb_section fb_built=\u00bb1&#8243; _builder_version=\u00bb4.19.5&#8243; _module_preset=\u00bbdefault\u00bb global_colors_info=\u00bb{}\u00bb][et_pb_row column_structure=\u00bb1_2,1_2&#8243; _builder_version=\u00bb4.19.5&#8243; _module_preset=\u00bbdefault\u00bb global_colors_info=\u00bb{}\u00bb][et_pb_column type=\u00bb1_2&#8243; _builder_version=\u00bb4.19.5&#8243; _module_preset=\u00bbdefault\u00bb global_colors_info=\u00bb{}\u00bb][et_pb_text _builder_version=\u00bb4.21.0&#8243; _module_preset=\u00bbdefault\u00bb hover_enabled=\u00bb0&#8243; global_colors_info=\u00bb{}\u00bb sticky_enabled=\u00bb0&#8243;]<\/p>\n<p>Los ni\u00f1os adquieren conocimientos acerca de la lectura y de la escritura tempranamente en la infancia, antes del ingreso a la escuela primaria. Estos primeros aprendizajes que tienen lugar tanto en el contexto de la familia como en el jard\u00edn de infantes sientan las bases para el desempe\u00f1o posterior de los ni\u00f1os en la escuela. Con el fin de promover situaciones en torno a la lectura en el contexto del jard\u00edn de infantes y en el hogar y potenciar, de ese modo, las oportunidades de aprendizaje de los peque\u00f1os, creamos biblioteca en las salas del jard\u00edn cuyos textos sean le\u00eddos en uno y otro contexto. <br \/>En las situaciones de lectura de cuentos, los ni\u00f1os no s\u00f3lo comparten un momento especial y placentero con personas queridas sino que tienen tambi\u00e9n la oportunidad de comenzar a adquirir importantes conocimientos y habilidades relacionados con la alfabetizaci\u00f3n: aprender palabras nuevas, desarrollar habilidades de comprensi\u00f3n y de producci\u00f3n de narraciones, conocer la direccionalidad de la escritura y empezar a reconocer las letras, entre otros aprendizajes. Con este material que les mostramos y otro tanto que ya est\u00e1 en las salas comenzaremos nuestro Proyecto anual de Bibliotecas de Sala.<\/p>\n<p>[\/et_pb_text][\/et_pb_column][et_pb_column type=\u00bb1_2&#8243; _builder_version=\u00bb4.19.5&#8243; _module_preset=\u00bbdefault\u00bb global_colors_info=\u00bb{}\u00bb][et_pb_video src=\u00bbhttps:\/\/sanvicentedepaul-mataderos.edu.ar\/wp-content\/uploads\/2024\/06\/WhatsApp-Video-2024-06-11-at-11.15.49.mp4&#8243; _builder_version=\u00bb4.21.0&#8243; _module_preset=\u00bbdefault\u00bb hover_enabled=\u00bb0&#8243; global_colors_info=\u00bb{}\u00bb title_text=\u00bbbiblioteca-de-sala\u00bb sticky_enabled=\u00bb0&#8243;][\/et_pb_video][\/et_pb_column][\/et_pb_row][\/et_pb_section]<\/p>\n","protected":false},"excerpt":{"rendered":"<p>Proyecto anual de bibliotecas de sala<\/p>\n","protected":false},"author":6,"featured_media":1325,"comment_status":"closed","ping_status":"closed","sticky":false,"template":"","format":"standard","meta":{"_et_pb_use_builder":"on","_et_pb_old_content":"","_et_gb_content_width":"","_uag_custom_page_level_css":"","footnotes":""},"categories":[10],"tags":[],"class_list":["post-1322","post","type-post","status-publish","format-standard","has-post-thumbnail","hentry","category-actividad"],"gutentor_comment":0,"uagb_featured_image_src":{"full":["https:\/\/sanvicentedepaul-mataderos.edu.ar\/wp-content\/uploads\/2024\/06\/WhatsApp-Image-2024-06-11-at-11.33.57.jpeg",430,429,false],"thumbnail":["https:\/\/sanvicentedepaul-mataderos.edu.ar\/wp-content\/uploads\/2024\/06\/WhatsApp-Image-2024-06-11-at-11.33.57-150x150.jpeg",150,150,true],"medium":["https:\/\/sanvicentedepaul-mataderos.edu.ar\/wp-content\/uploads\/2024\/06\/WhatsApp-Image-2024-06-11-at-11.33.57-300x300.jpeg",300,300,true],"medium_large":["https:\/\/sanvicentedepaul-mataderos.edu.ar\/wp-content\/uploads\/2024\/06\/WhatsApp-Image-2024-06-11-at-11.33.57.jpeg",430,429,false],"large":["https:\/\/sanvicentedepaul-mataderos.edu.ar\/wp-content\/uploads\/2024\/06\/WhatsApp-Image-2024-06-11-at-11.33.57.jpeg",430,429,false],"elegant_blocks_team_1":["https:\/\/sanvicentedepaul-mataderos.edu.ar\/wp-content\/uploads\/2024\/06\/WhatsApp-Image-2024-06-11-at-11.33.57.jpeg",430,429,false],"elegant_blocks_blog_1":["https:\/\/sanvicentedepaul-mataderos.edu.ar\/wp-content\/uploads\/2024\/06\/WhatsApp-Image-2024-06-11-at-11.33.57.jpeg",430,429,false],"elegant_blocks_slider_1":["https:\/\/sanvicentedepaul-mataderos.edu.ar\/wp-content\/uploads\/2024\/06\/WhatsApp-Image-2024-06-11-at-11.33.57.jpeg",430,429,false],"1536x1536":["https:\/\/sanvicentedepaul-mataderos.edu.ar\/wp-content\/uploads\/2024\/06\/WhatsApp-Image-2024-06-11-at-11.33.57.jpeg",430,429,false],"2048x2048":["https:\/\/sanvicentedepaul-mataderos.edu.ar\/wp-content\/uploads\/2024\/06\/WhatsApp-Image-2024-06-11-at-11.33.57.jpeg",430,429,false],"et-pb-post-main-image":["https:\/\/sanvicentedepaul-mataderos.edu.ar\/wp-content\/uploads\/2024\/06\/WhatsApp-Image-2024-06-11-at-11.33.57-400x250.jpeg",400,250,true],"et-pb-post-main-image-fullwidth":["https:\/\/sanvicentedepaul-mataderos.edu.ar\/wp-content\/uploads\/2024\/06\/WhatsApp-Image-2024-06-11-at-11.33.57.jpeg",430,429,false],"et-pb-portfolio-image":["https:\/\/sanvicentedepaul-mataderos.edu.ar\/wp-content\/uploads\/2024\/06\/WhatsApp-Image-2024-06-11-at-11.33.57-400x284.jpeg",400,284,true],"et-pb-portfolio-module-image":["https:\/\/sanvicentedepaul-mataderos.edu.ar\/wp-content\/uploads\/2024\/06\/WhatsApp-Image-2024-06-11-at-11.33.57-430x382.jpeg",430,382,true],"et-pb-portfolio-image-single":["https:\/\/sanvicentedepaul-mataderos.edu.ar\/wp-content\/uploads\/2024\/06\/WhatsApp-Image-2024-06-11-at-11.33.57.jpeg",430,429,false],"et-pb-gallery-module-image-portrait":["https:\/\/sanvicentedepaul-mataderos.edu.ar\/wp-content\/uploads\/2024\/06\/WhatsApp-Image-2024-06-11-at-11.33.57-400x429.jpeg",400,429,true],"et-pb-post-main-image-fullwidth-large":["https:\/\/sanvicentedepaul-mataderos.edu.ar\/wp-content\/uploads\/2024\/06\/WhatsApp-Image-2024-06-11-at-11.33.57.jpeg",430,429,false],"et-pb-image--responsive--desktop":["https:\/\/sanvicentedepaul-mataderos.edu.ar\/wp-content\/uploads\/2024\/06\/WhatsApp-Image-2024-06-11-at-11.33.57.jpeg",430,429,false],"et-pb-image--responsive--tablet":["https:\/\/sanvicentedepaul-mataderos.edu.ar\/wp-content\/uploads\/2024\/06\/WhatsApp-Image-2024-06-11-at-11.33.57.jpeg",430,429,false],"et-pb-image--responsive--phone":["https:\/\/sanvicentedepaul-mataderos.edu.ar\/wp-content\/uploads\/2024\/06\/WhatsApp-Image-2024-06-11-at-11.33.57.jpeg",271,270,false]},"uagb_author_info":{"display_name":"Matias Ojeda","author_link":"https:\/\/sanvicentedepaul-mataderos.edu.ar\/?author=6"},"uagb_comment_info":0,"uagb_excerpt":"Proyecto anual de bibliotecas de sala","_links":{"self":[{"href":"https:\/\/sanvicentedepaul-mataderos.edu.ar\/index.php?rest_route=\/wp\/v2\/posts\/1322","targetHints":{"allow":["GET"]}}],"collection":[{"href":"https:\/\/sanvicentedepaul-mataderos.edu.ar\/index.php?rest_route=\/wp\/v2\/posts"}],"about":[{"href":"https:\/\/sanvicentedepaul-mataderos.edu.ar\/index.php?rest_route=\/wp\/v2\/types\/post"}],"author":[{"embeddable":true,"href":"https:\/\/sanvicentedepaul-mataderos.edu.ar\/index.php?rest_route=\/wp\/v2\/users\/6"}],"replies":[{"embeddable":true,"href":"https:\/\/sanvicentedepaul-mataderos.edu.ar\/index.php?rest_route=%2Fwp%2Fv2%2Fcomments&post=1322"}],"version-history":[{"count":2,"href":"https:\/\/sanvicentedepaul-mataderos.edu.ar\/index.php?rest_route=\/wp\/v2\/posts\/1322\/revisions"}],"predecessor-version":[{"id":1327,"href":"https:\/\/sanvicentedepaul-mataderos.edu.ar\/index.php?rest_route=\/wp\/v2\/posts\/1322\/revisions\/1327"}],"wp:featuredmedia":[{"embeddable":true,"href":"https:\/\/sanvicentedepaul-mataderos.edu.ar\/index.php?rest_route=\/wp\/v2\/media\/1325"}],"wp:attachment":[{"href":"https:\/\/sanvicentedepaul-mataderos.edu.ar\/index.php?rest_route=%2Fwp%2Fv2%2Fmedia&parent=1322"}],"wp:term":[{"taxonomy":"category","embeddable":true,"href":"https:\/\/sanvicentedepaul-mataderos.edu.ar\/index.php?rest_route=%2Fwp%2Fv2%2Fcategories&post=1322"},{"taxonomy":"post_tag","embeddable":true,"href":"https:\/\/sanvicentedepaul-mataderos.edu.ar\/index.php?rest_route=%2Fwp%2Fv2%2Ftags&post=1322"}],"curies":[{"name":"wp","href":"https:\/\/api.w.org\/{rel}","templated":true}]}}