{"id":1348,"date":"2024-06-18T12:43:23","date_gmt":"2024-06-18T12:43:23","guid":{"rendered":"https:\/\/sanvicentedepaul-mataderos.edu.ar\/?p=1348"},"modified":"2024-06-18T12:43:23","modified_gmt":"2024-06-18T12:43:23","slug":"la-playa-3-2","status":"publish","type":"post","link":"https:\/\/sanvicentedepaul-mataderos.edu.ar\/?p=1348","title":{"rendered":"Campamento de 6\u00b0 y 7\u00b0"},"content":{"rendered":"<p>[et_pb_section fb_built=\u00bb1&#8243; _builder_version=\u00bb4.19.5&#8243; _module_preset=\u00bbdefault\u00bb global_colors_info=\u00bb{}\u00bb][et_pb_row column_structure=\u00bb1_2,1_2&#8243; _builder_version=\u00bb4.19.5&#8243; _module_preset=\u00bbdefault\u00bb global_colors_info=\u00bb{}\u00bb][et_pb_column type=\u00bb1_2&#8243; _builder_version=\u00bb4.19.5&#8243; _module_preset=\u00bbdefault\u00bb global_colors_info=\u00bb{}\u00bb][et_pb_text _builder_version=\u00bb4.21.0&#8243; _module_preset=\u00bbdefault\u00bb global_colors_info=\u00bb{}\u00bb]<\/p>\n<p>Dentro del marco de nuestro Proyecto \u201cConviviendo en la Casa Com\u00fan\u201d, nuestros alumnos de sexto y s\u00e9ptimo realizaron su campamento anual. Consideramos de mucha importancia que los chicos puedan vivir una experiencia de vida en la naturaleza compartiendo con sus compa\u00f1eros diversas actividades. Este proyecto es una propuesta diferente, de diversi\u00f3n, creatividad y conexi\u00f3n con los valores indispensables para una educaci\u00f3n integral. Se fomenta el respeto, la solidaridad, la autonom\u00eda, la comprensi\u00f3n, la confianza, la valoraci\u00f3n en el otro y en s\u00ed mismo.<br \/>Nuestros alumnos realizaron juegos cooperativos, juegos de orientaci\u00f3n, armado de carpas, juegos nocturnos, actividades pastorales, actividades de convivencia, fog\u00f3n, etc., donde se pone en juego las habilidades de trabajo en grupo, comunicaci\u00f3n, resoluci\u00f3n de conflictos y organizaci\u00f3n que les ayudar\u00e1n como herramientas para desenvolverse en cualquier tarea que deban trabajar con otros.<br \/>En estas fotograf\u00edas podr\u00e1n observar un recorte de lo que fue este campamento.<\/p>\n<p>[\/et_pb_text][\/et_pb_column][et_pb_column type=\u00bb1_2&#8243; _builder_version=\u00bb4.19.5&#8243; _module_preset=\u00bbdefault\u00bb global_colors_info=\u00bb{}\u00bb][et_pb_slider _builder_version=\u00bb4.21.0&#8243; _module_preset=\u00bbdefault\u00bb show_arrows=\u00bboff\u00bb hover_enabled=\u00bb0&#8243; sticky_enabled=\u00bb0&#8243; button_rel=\u00bboff|off|off|off|off\u00bb vertical_offset=\u00bb0px\u00bb custom_css_main_element=\u00bbborder-radius: 6px;\u00bb use_bg_overlay=\u00bboff\u00bb use_text_overlay=\u00bboff\u00bb width=\u00bb380px\u00bb module_alignment=\u00bbcenter\u00bb min_height=\u00bb380px\u00bb border_color_all=\u00bb#FFFFFF\u00bb border_style_all=\u00bbgroove\u00bb][et_pb_slide _builder_version=\u00bb4.21.0&#8243; _module_preset=\u00bbdefault\u00bb title_text=\u00bbedf74829-ccee-40a2-8ac1-8ba6733aff73&#8243; background_image=\u00bbhttps:\/\/sanvicentedepaul-mataderos.edu.ar\/wp-content\/uploads\/2024\/06\/edf74829-ccee-40a2-8ac1-8ba6733aff73-scaled.jpg\u00bb background_enable_image=\u00bbon\u00bb hover_enabled=\u00bb0&#8243; sticky_enabled=\u00bb0&#8243;][\/et_pb_slide][et_pb_slide _builder_version=\u00bb4.21.0&#8243; _module_preset=\u00bbdefault\u00bb title_text=\u00bbae73dbed-18cc-4c03-80c0-95442f31a278&#8243; background_image=\u00bbhttps:\/\/sanvicentedepaul-mataderos.edu.ar\/wp-content\/uploads\/2024\/06\/ae73dbed-18cc-4c03-80c0-95442f31a278.jpg\u00bb background_enable_image=\u00bbon\u00bb width=\u00bb100%\u00bb hover_enabled=\u00bb0&#8243; sticky_enabled=\u00bb0&#8243;][\/et_pb_slide][et_pb_slide _builder_version=\u00bb4.21.0&#8243; _module_preset=\u00bbdefault\u00bb title_text=\u00bbIMG_2137&#8243; background_image=\u00bbhttps:\/\/sanvicentedepaul-mataderos.edu.ar\/wp-content\/uploads\/2024\/06\/IMG_2137.png\u00bb background_enable_image=\u00bbon\u00bb width=\u00bb100%\u00bb hover_enabled=\u00bb0&#8243; sticky_enabled=\u00bb0&#8243;][\/et_pb_slide][et_pb_slide _builder_version=\u00bb4.21.0&#8243; _module_preset=\u00bbdefault\u00bb title_text=\u00bbIMG_2264&#8243; background_image=\u00bbhttps:\/\/sanvicentedepaul-mataderos.edu.ar\/wp-content\/uploads\/2024\/06\/IMG_2264.png\u00bb background_enable_image=\u00bbon\u00bb width=\u00bb100%\u00bb hover_enabled=\u00bb0&#8243; sticky_enabled=\u00bb0&#8243;][\/et_pb_slide][et_pb_slide _builder_version=\u00bb4.21.0&#8243; _module_preset=\u00bbdefault\u00bb title_text=\u00bbIMG_2173&#8243; background_image=\u00bbhttps:\/\/sanvicentedepaul-mataderos.edu.ar\/wp-content\/uploads\/2024\/06\/IMG_2173.png\u00bb background_enable_image=\u00bbon\u00bb width=\u00bb100%\u00bb hover_enabled=\u00bb0&#8243; sticky_enabled=\u00bb0&#8243;][\/et_pb_slide][et_pb_slide _builder_version=\u00bb4.21.0&#8243; _module_preset=\u00bbdefault\u00bb title_text=\u00bb3e1bedd3-de62-4371-a481-578454d259f5&#8243; background_image=\u00bbhttps:\/\/sanvicentedepaul-mataderos.edu.ar\/wp-content\/uploads\/2024\/06\/3e1bedd3-de62-4371-a481-578454d259f5.jpg\u00bb background_enable_image=\u00bbon\u00bb width=\u00bb100%\u00bb hover_enabled=\u00bb0&#8243; sticky_enabled=\u00bb0&#8243;][\/et_pb_slide][et_pb_slide _builder_version=\u00bb4.21.0&#8243; _module_preset=\u00bbdefault\u00bb title_text=\u00bbIMG_2241&#8243; background_image=\u00bbhttps:\/\/sanvicentedepaul-mataderos.edu.ar\/wp-content\/uploads\/2024\/06\/IMG_2241.png\u00bb background_enable_image=\u00bbon\u00bb width=\u00bb100%\u00bb hover_enabled=\u00bb0&#8243; sticky_enabled=\u00bb0&#8243;][\/et_pb_slide][\/et_pb_slider][\/et_pb_column][\/et_pb_row][\/et_pb_section]<\/p>\n","protected":false},"excerpt":{"rendered":"<p>Conviviendo en la casa com\u00fan<\/p>\n","protected":false},"author":6,"featured_media":1356,"comment_status":"closed","ping_status":"closed","sticky":false,"template":"","format":"standard","meta":{"_et_pb_use_builder":"on","_et_pb_old_content":"","_et_gb_content_width":"","_uag_custom_page_level_css":"","footnotes":""},"categories":[10],"tags":[],"class_list":["post-1348","post","type-post","status-publish","format-standard","has-post-thumbnail","hentry","category-actividad"],"gutentor_comment":0,"uagb_featured_image_src":{"full":["https:\/\/sanvicentedepaul-mataderos.edu.ar\/wp-content\/uploads\/2024\/06\/IMG_2264.png",3024,4032,false],"thumbnail":["https:\/\/sanvicentedepaul-mataderos.edu.ar\/wp-content\/uploads\/2024\/06\/IMG_2264-150x150.png",150,150,true],"medium":["https:\/\/sanvicentedepaul-mataderos.edu.ar\/wp-content\/uploads\/2024\/06\/IMG_2264-300x300.png",300,300,true],"medium_large":["https:\/\/sanvicentedepaul-mataderos.edu.ar\/wp-content\/uploads\/2024\/06\/IMG_2264-768x1024.png",768,1024,true],"large":["https:\/\/sanvicentedepaul-mataderos.edu.ar\/wp-content\/uploads\/2024\/06\/IMG_2264-1024x1024.png",1024,1024,true],"elegant_blocks_team_1":["https:\/\/sanvicentedepaul-mataderos.edu.ar\/wp-content\/uploads\/2024\/06\/IMG_2264-500x500.png",500,500,true],"elegant_blocks_blog_1":["https:\/\/sanvicentedepaul-mataderos.edu.ar\/wp-content\/uploads\/2024\/06\/IMG_2264-693x462.png",693,462,true],"elegant_blocks_slider_1":["https:\/\/sanvicentedepaul-mataderos.edu.ar\/wp-content\/uploads\/2024\/06\/IMG_2264-1600x1000.png",1600,1000,true],"1536x1536":["https:\/\/sanvicentedepaul-mataderos.edu.ar\/wp-content\/uploads\/2024\/06\/IMG_2264-1152x1536.png",1152,1536,true],"2048x2048":["https:\/\/sanvicentedepaul-mataderos.edu.ar\/wp-content\/uploads\/2024\/06\/IMG_2264-1536x2048.png",1536,2048,true],"et-pb-post-main-image":["https:\/\/sanvicentedepaul-mataderos.edu.ar\/wp-content\/uploads\/2024\/06\/IMG_2264-400x250.png",400,250,true],"et-pb-post-main-image-fullwidth":["https:\/\/sanvicentedepaul-mataderos.edu.ar\/wp-content\/uploads\/2024\/06\/IMG_2264-1080x675.png",1080,675,true],"et-pb-portfolio-image":["https:\/\/sanvicentedepaul-mataderos.edu.ar\/wp-content\/uploads\/2024\/06\/IMG_2264-400x284.png",400,284,true],"et-pb-portfolio-module-image":["https:\/\/sanvicentedepaul-mataderos.edu.ar\/wp-content\/uploads\/2024\/06\/IMG_2264-510x382.png",510,382,true],"et-pb-portfolio-image-single":["https:\/\/sanvicentedepaul-mataderos.edu.ar\/wp-content\/uploads\/2024\/06\/IMG_2264-1080x1440.png",1080,1440,true],"et-pb-gallery-module-image-portrait":["https:\/\/sanvicentedepaul-mataderos.edu.ar\/wp-content\/uploads\/2024\/06\/IMG_2264-400x516.png",400,516,true],"et-pb-post-main-image-fullwidth-large":["https:\/\/sanvicentedepaul-mataderos.edu.ar\/wp-content\/uploads\/2024\/06\/IMG_2264-2880x1800.png",2880,1800,true],"et-pb-image--responsive--desktop":["https:\/\/sanvicentedepaul-mataderos.edu.ar\/wp-content\/uploads\/2024\/06\/IMG_2264-1280x1707.png",540,720,true],"et-pb-image--responsive--tablet":["https:\/\/sanvicentedepaul-mataderos.edu.ar\/wp-content\/uploads\/2024\/06\/IMG_2264-980x1307.png",413,551,true],"et-pb-image--responsive--phone":["https:\/\/sanvicentedepaul-mataderos.edu.ar\/wp-content\/uploads\/2024\/06\/IMG_2264-480x640.png",203,270,true]},"uagb_author_info":{"display_name":"Matias Ojeda","author_link":"https:\/\/sanvicentedepaul-mataderos.edu.ar\/?author=6"},"uagb_comment_info":0,"uagb_excerpt":"Conviviendo en la casa com\u00fan","_links":{"self":[{"href":"https:\/\/sanvicentedepaul-mataderos.edu.ar\/index.php?rest_route=\/wp\/v2\/posts\/1348","targetHints":{"allow":["GET"]}}],"collection":[{"href":"https:\/\/sanvicentedepaul-mataderos.edu.ar\/index.php?rest_route=\/wp\/v2\/posts"}],"about":[{"href":"https:\/\/sanvicentedepaul-mataderos.edu.ar\/index.php?rest_route=\/wp\/v2\/types\/post"}],"author":[{"embeddable":true,"href":"https:\/\/sanvicentedepaul-mataderos.edu.ar\/index.php?rest_route=\/wp\/v2\/users\/6"}],"replies":[{"embeddable":true,"href":"https:\/\/sanvicentedepaul-mataderos.edu.ar\/index.php?rest_route=%2Fwp%2Fv2%2Fcomments&post=1348"}],"version-history":[{"count":2,"href":"https:\/\/sanvicentedepaul-mataderos.edu.ar\/index.php?rest_route=\/wp\/v2\/posts\/1348\/revisions"}],"predecessor-version":[{"id":1361,"href":"https:\/\/sanvicentedepaul-mataderos.edu.ar\/index.php?rest_route=\/wp\/v2\/posts\/1348\/revisions\/1361"}],"wp:featuredmedia":[{"embeddable":true,"href":"https:\/\/sanvicentedepaul-mataderos.edu.ar\/index.php?rest_route=\/wp\/v2\/media\/1356"}],"wp:attachment":[{"href":"https:\/\/sanvicentedepaul-mataderos.edu.ar\/index.php?rest_route=%2Fwp%2Fv2%2Fmedia&parent=1348"}],"wp:term":[{"taxonomy":"category","embeddable":true,"href":"https:\/\/sanvicentedepaul-mataderos.edu.ar\/index.php?rest_route=%2Fwp%2Fv2%2Fcategories&post=1348"},{"taxonomy":"post_tag","embeddable":true,"href":"https:\/\/sanvicentedepaul-mataderos.edu.ar\/index.php?rest_route=%2Fwp%2Fv2%2Ftags&post=1348"}],"curies":[{"name":"wp","href":"https:\/\/api.w.org\/{rel}","templated":true}]}}