{"id":1394,"date":"2024-11-26T15:27:44","date_gmt":"2024-11-26T15:27:44","guid":{"rendered":"https:\/\/sanvicentedepaul-mataderos.edu.ar\/?p=1394"},"modified":"2024-11-26T15:27:44","modified_gmt":"2024-11-26T15:27:44","slug":"la-playa-3-2-2-2","status":"publish","type":"post","link":"https:\/\/sanvicentedepaul-mataderos.edu.ar\/?p=1394","title":{"rendered":"Festejamos en comunidad el Centenario de nuestra querida escuela"},"content":{"rendered":"<p>[et_pb_section fb_built=\u00bb1&#8243; _builder_version=\u00bb4.19.5&#8243; _module_preset=\u00bbdefault\u00bb hover_enabled=\u00bb0&#8243; global_colors_info=\u00bb{}\u00bb sticky_enabled=\u00bb0&#8243;][et_pb_row column_structure=\u00bb1_2,1_2&#8243; _builder_version=\u00bb4.19.5&#8243; _module_preset=\u00bbdefault\u00bb global_colors_info=\u00bb{}\u00bb][et_pb_column type=\u00bb1_2&#8243; _builder_version=\u00bb4.19.5&#8243; _module_preset=\u00bbdefault\u00bb global_colors_info=\u00bb{}\u00bb][et_pb_text _builder_version=\u00bb4.21.0&#8243; _module_preset=\u00bbdefault\u00bb global_colors_info=\u00bb{}\u00bb]<\/p>\n<p><span>100 a\u00f1os dedicados a la educaci\u00f3n de la ni\u00f1ez de nuestro Barrio de Mataderos. <\/span><\/p>\n<p><span>Fue un d\u00eda de fiesta compartido con alumnos, padres, todo el personal de la escuela, autoridades educativas y entidades barriales. La banda de la Polic\u00eda Federal dio con su m\u00fasica el marco que merec\u00eda este importante momento. Los alumnos ejecutaron instrumentos y cantaron a San Vicente una canci\u00f3n que ellos mismos crearon su letra.<\/span><\/p>\n<p><span>Orgullosos y agradecidos por esta trayectoria que nos identifica con una educaci\u00f3n de calidad y en valores cristianos seguimos trabajando siempre para obtener los mejores logros para nuestros queridos ni\u00f1os y ni\u00f1as<\/span><\/p>\n<p>[\/et_pb_text][\/et_pb_column][et_pb_column type=\u00bb1_2&#8243; _builder_version=\u00bb4.19.5&#8243; _module_preset=\u00bbdefault\u00bb global_colors_info=\u00bb{}\u00bb][et_pb_slider _builder_version=\u00bb4.21.0&#8243; _module_preset=\u00bbdefault\u00bb hover_enabled=\u00bb0&#8243; sticky_enabled=\u00bb0&#8243; admin_label=\u00bbslider\u00bb][et_pb_slide _builder_version=\u00bb4.21.0&#8243; _module_preset=\u00bbdefault\u00bb title_text=\u00bbIMG_1270&#8243; background_image=\u00bbhttps:\/\/sanvicentedepaul-mataderos.edu.ar\/wp-content\/uploads\/2024\/11\/IMG_1270-scaled.jpg\u00bb background_enable_image=\u00bbon\u00bb background_size=\u00bbcustom\u00bb background_image_height=\u00bb100%\u00bb background_image_width=\u00bb100%\u00bb background_position=\u00bbtop_center\u00bb hover_enabled=\u00bb0&#8243; sticky_enabled=\u00bb0&#8243; admin_title=\u00bb1&#8243;]<\/p>\n<p>&nbsp;<\/p>\n<p>&nbsp;<\/p>\n<p>&nbsp;<\/p>\n<p>&nbsp;<\/p>\n<p>&nbsp;<\/p>\n<p>[\/et_pb_slide][et_pb_slide _builder_version=\u00bb4.21.0&#8243; _module_preset=\u00bbdefault\u00bb title_text=\u00bbIMG_1230&#8243; background_image=\u00bbhttps:\/\/sanvicentedepaul-mataderos.edu.ar\/wp-content\/uploads\/2024\/11\/IMG_1230-scaled.jpg\u00bb background_enable_image=\u00bbon\u00bb background_size=\u00bbcustom\u00bb background_image_height=\u00bb100%\u00bb background_image_width=\u00bb100%\u00bb background_position=\u00bbtop_center\u00bb hover_enabled=\u00bb0&#8243; sticky_enabled=\u00bb0&#8243; admin_title=\u00bb2&#8243;]<\/p>\n<p>&nbsp;<\/p>\n<p>&nbsp;<\/p>\n<p>&nbsp;<\/p>\n<p>&nbsp;<\/p>\n<p>&nbsp;<\/p>\n<p>[\/et_pb_slide][et_pb_slide _builder_version=\u00bb4.21.0&#8243; _module_preset=\u00bbdefault\u00bb title_text=\u00bbIMG_1228&#8243; background_image=\u00bbhttps:\/\/sanvicentedepaul-mataderos.edu.ar\/wp-content\/uploads\/2024\/11\/IMG_1228-scaled.jpg\u00bb background_enable_image=\u00bbon\u00bb background_size=\u00bbcustom\u00bb background_image_height=\u00bb100%\u00bb background_image_width=\u00bb100%\u00bb background_position=\u00bbtop_center\u00bb hover_enabled=\u00bb0&#8243; sticky_enabled=\u00bb0&#8243; admin_title=\u00bb3&#8243;]<\/p>\n<p>&nbsp;<\/p>\n<p>&nbsp;<\/p>\n<p>&nbsp;<\/p>\n<p>&nbsp;<\/p>\n<p>&nbsp;<\/p>\n<p>[\/et_pb_slide][et_pb_slide _builder_version=\u00bb4.21.0&#8243; _module_preset=\u00bbdefault\u00bb title_text=\u00bbIMG_1209&#8243; background_image=\u00bbhttps:\/\/sanvicentedepaul-mataderos.edu.ar\/wp-content\/uploads\/2024\/11\/IMG_1209-scaled.jpg\u00bb background_enable_image=\u00bbon\u00bb background_size=\u00bbcustom\u00bb background_image_height=\u00bb100%\u00bb background_image_width=\u00bb100%\u00bb background_position=\u00bbtop_center\u00bb hover_enabled=\u00bb0&#8243; sticky_enabled=\u00bb0&#8243; admin_title=\u00bb4&#8243;]<\/p>\n<p>&nbsp;<\/p>\n<p>&nbsp;<\/p>\n<p>&nbsp;<\/p>\n<p>&nbsp;<\/p>\n<p>&nbsp;<\/p>\n<p>[\/et_pb_slide][et_pb_slide _builder_version=\u00bb4.21.0&#8243; _module_preset=\u00bbdefault\u00bb title_text=\u00bbIMG_1215&#8243; background_image=\u00bbhttps:\/\/sanvicentedepaul-mataderos.edu.ar\/wp-content\/uploads\/2024\/11\/IMG_1215-scaled.jpg\u00bb background_enable_image=\u00bbon\u00bb background_size=\u00bbcustom\u00bb background_image_height=\u00bb100%\u00bb background_image_width=\u00bb100%\u00bb background_position=\u00bbtop_center\u00bb hover_enabled=\u00bb0&#8243; sticky_enabled=\u00bb0&#8243; admin_title=\u00bb5&#8243;]<\/p>\n<p>&nbsp;<\/p>\n<p>&nbsp;<\/p>\n<p>&nbsp;<\/p>\n<p>&nbsp;<\/p>\n<p>&nbsp;<\/p>\n<p>[\/et_pb_slide][et_pb_slide _builder_version=\u00bb4.21.0&#8243; _module_preset=\u00bbdefault\u00bb title_text=\u00bbE (214)\u00bb background_image=\u00bbhttps:\/\/sanvicentedepaul-mataderos.edu.ar\/wp-content\/uploads\/2024\/11\/E-214-scaled.jpg\u00bb background_enable_image=\u00bbon\u00bb background_size=\u00bbcustom\u00bb background_image_height=\u00bb100%\u00bb background_image_width=\u00bb100%\u00bb background_position=\u00bbtop_center\u00bb hover_enabled=\u00bb0&#8243; sticky_enabled=\u00bb0&#8243; admin_title=\u00bb6&#8243;]<\/p>\n<p>&nbsp;<\/p>\n<p>&nbsp;<\/p>\n<p>&nbsp;<\/p>\n<p>&nbsp;<\/p>\n<p>&nbsp;<\/p>\n<p>[\/et_pb_slide][et_pb_slide _builder_version=\u00bb4.21.0&#8243; _module_preset=\u00bbdefault\u00bb title_text=\u00bbE (160)\u00bb background_image=\u00bbhttps:\/\/sanvicentedepaul-mataderos.edu.ar\/wp-content\/uploads\/2024\/11\/E-160-scaled.jpg\u00bb background_enable_image=\u00bbon\u00bb background_size=\u00bbcustom\u00bb background_image_height=\u00bb100%\u00bb background_image_width=\u00bb100%\u00bb background_position=\u00bbtop_center\u00bb hover_enabled=\u00bb0&#8243; sticky_enabled=\u00bb0&#8243; admin_title=\u00bb7&#8243;]<\/p>\n<p>&nbsp;<\/p>\n<p>&nbsp;<\/p>\n<p>&nbsp;<\/p>\n<p>&nbsp;<\/p>\n<p>&nbsp;<\/p>\n<p>[\/et_pb_slide][et_pb_slide _builder_version=\u00bb4.21.0&#8243; _module_preset=\u00bbdefault\u00bb title_text=\u00bbE (144)\u00bb background_image=\u00bbhttps:\/\/sanvicentedepaul-mataderos.edu.ar\/wp-content\/uploads\/2024\/11\/E-144-scaled.jpg\u00bb background_enable_image=\u00bbon\u00bb background_size=\u00bbcustom\u00bb background_image_height=\u00bb100%\u00bb background_image_width=\u00bb100%\u00bb background_position=\u00bbtop_center\u00bb hover_enabled=\u00bb0&#8243; sticky_enabled=\u00bb0&#8243; admin_title=\u00bb8&#8243;]<\/p>\n<p>&nbsp;<\/p>\n<p>&nbsp;<\/p>\n<p>&nbsp;<\/p>\n<p>&nbsp;<\/p>\n<p>&nbsp;<\/p>\n<p>[\/et_pb_slide][et_pb_slide _builder_version=\u00bb4.21.0&#8243; _module_preset=\u00bbdefault\u00bb title_text=\u00bbE (123)\u00bb background_image=\u00bbhttps:\/\/sanvicentedepaul-mataderos.edu.ar\/wp-content\/uploads\/2024\/11\/E-123-scaled.jpg\u00bb background_enable_image=\u00bbon\u00bb background_size=\u00bbcustom\u00bb background_image_height=\u00bb100%\u00bb background_image_width=\u00bb100%\u00bb background_position=\u00bbtop_center\u00bb hover_enabled=\u00bb0&#8243; sticky_enabled=\u00bb0&#8243; admin_title=\u00bb9&#8243;]<\/p>\n<p>&nbsp;<\/p>\n<p>&nbsp;<\/p>\n<p>&nbsp;<\/p>\n<p>&nbsp;<\/p>\n<p>&nbsp;<\/p>\n<p>[\/et_pb_slide][et_pb_slide _builder_version=\u00bb4.21.0&#8243; _module_preset=\u00bbdefault\u00bb title_text=\u00bbE (113)\u00bb background_image=\u00bbhttps:\/\/sanvicentedepaul-mataderos.edu.ar\/wp-content\/uploads\/2024\/11\/E-113-scaled.jpg\u00bb background_enable_image=\u00bbon\u00bb background_size=\u00bbcustom\u00bb background_image_height=\u00bb100%\u00bb background_image_width=\u00bb100%\u00bb background_position=\u00bbtop_center\u00bb hover_enabled=\u00bb0&#8243; sticky_enabled=\u00bb0&#8243; admin_title=\u00bb10&#8243;]<\/p>\n<p>&nbsp;<\/p>\n<p>&nbsp;<\/p>\n<p>&nbsp;<\/p>\n<p>&nbsp;<\/p>\n<p>&nbsp;<\/p>\n<p>[\/et_pb_slide][et_pb_slide _builder_version=\u00bb4.21.0&#8243; _module_preset=\u00bbdefault\u00bb title_text=\u00bbE (111)\u00bb background_image=\u00bbhttps:\/\/sanvicentedepaul-mataderos.edu.ar\/wp-content\/uploads\/2024\/11\/E-111-scaled.jpg\u00bb background_enable_image=\u00bbon\u00bb background_size=\u00bbcustom\u00bb background_image_height=\u00bb100%\u00bb background_image_width=\u00bb100%\u00bb background_position=\u00bbtop_center\u00bb hover_enabled=\u00bb0&#8243; sticky_enabled=\u00bb0&#8243; admin_title=\u00bb11&#8243;]<\/p>\n<p>&nbsp;<\/p>\n<p>&nbsp;<\/p>\n<p>&nbsp;<\/p>\n<p>&nbsp;<\/p>\n<p>&nbsp;<\/p>\n<p>[\/et_pb_slide][et_pb_slide _builder_version=\u00bb4.21.0&#8243; _module_preset=\u00bbdefault\u00bb title_text=\u00bbE (76)\u00bb background_image=\u00bbhttps:\/\/sanvicentedepaul-mataderos.edu.ar\/wp-content\/uploads\/2024\/11\/E-76-scaled.jpg\u00bb background_enable_image=\u00bbon\u00bb background_size=\u00bbcustom\u00bb background_image_height=\u00bb100%\u00bb background_image_width=\u00bb100%\u00bb background_position=\u00bbtop_center\u00bb hover_enabled=\u00bb0&#8243; sticky_enabled=\u00bb0&#8243; admin_title=\u00bb12&#8243;]<\/p>\n<p>&nbsp;<\/p>\n<p>&nbsp;<\/p>\n<p>&nbsp;<\/p>\n<p>&nbsp;<\/p>\n<p>&nbsp;<\/p>\n<p>[\/et_pb_slide][et_pb_slide _builder_version=\u00bb4.21.0&#8243; _module_preset=\u00bbdefault\u00bb title_text=\u00bbE (36)\u00bb background_image=\u00bbhttps:\/\/sanvicentedepaul-mataderos.edu.ar\/wp-content\/uploads\/2024\/11\/E-36-scaled.jpg\u00bb background_enable_image=\u00bbon\u00bb background_size=\u00bbcustom\u00bb background_image_height=\u00bb100%\u00bb background_image_width=\u00bb100%\u00bb background_position=\u00bbtop_center\u00bb hover_enabled=\u00bb0&#8243; sticky_enabled=\u00bb0&#8243; admin_title=\u00bb13&#8243;]<\/p>\n<p>&nbsp;<\/p>\n<p>&nbsp;<\/p>\n<p>&nbsp;<\/p>\n<p>&nbsp;<\/p>\n<p>&nbsp;<\/p>\n<p>[\/et_pb_slide][\/et_pb_slider][\/et_pb_column][\/et_pb_row][\/et_pb_section]<\/p>\n","protected":false},"excerpt":{"rendered":"<p>Festejamos en comunidad el Centenario de nuestra querida escuela<\/p>\n","protected":false},"author":6,"featured_media":1402,"comment_status":"closed","ping_status":"closed","sticky":false,"template":"","format":"standard","meta":{"_et_pb_use_builder":"on","_et_pb_old_content":"","_et_gb_content_width":"","_uag_custom_page_level_css":"","footnotes":""},"categories":[10],"tags":[],"class_list":["post-1394","post","type-post","status-publish","format-standard","has-post-thumbnail","hentry","category-actividad"],"gutentor_comment":0,"uagb_featured_image_src":{"full":["https:\/\/sanvicentedepaul-mataderos.edu.ar\/wp-content\/uploads\/2024\/11\/E-160-scaled.jpg",2560,1707,false],"thumbnail":["https:\/\/sanvicentedepaul-mataderos.edu.ar\/wp-content\/uploads\/2024\/11\/E-160-150x150.jpg",150,150,true],"medium":["https:\/\/sanvicentedepaul-mataderos.edu.ar\/wp-content\/uploads\/2024\/11\/E-160-300x300.jpg",300,300,true],"medium_large":["https:\/\/sanvicentedepaul-mataderos.edu.ar\/wp-content\/uploads\/2024\/11\/E-160-768x512.jpg",768,512,true],"large":["https:\/\/sanvicentedepaul-mataderos.edu.ar\/wp-content\/uploads\/2024\/11\/E-160-1024x1024.jpg",1024,1024,true],"elegant_blocks_team_1":["https:\/\/sanvicentedepaul-mataderos.edu.ar\/wp-content\/uploads\/2024\/11\/E-160-500x500.jpg",500,500,true],"elegant_blocks_blog_1":["https:\/\/sanvicentedepaul-mataderos.edu.ar\/wp-content\/uploads\/2024\/11\/E-160-693x462.jpg",693,462,true],"elegant_blocks_slider_1":["https:\/\/sanvicentedepaul-mataderos.edu.ar\/wp-content\/uploads\/2024\/11\/E-160-1600x1000.jpg",1600,1000,true],"1536x1536":["https:\/\/sanvicentedepaul-mataderos.edu.ar\/wp-content\/uploads\/2024\/11\/E-160-1536x1024.jpg",1536,1024,true],"2048x2048":["https:\/\/sanvicentedepaul-mataderos.edu.ar\/wp-content\/uploads\/2024\/11\/E-160-2048x1365.jpg",2048,1365,true],"et-pb-post-main-image":["https:\/\/sanvicentedepaul-mataderos.edu.ar\/wp-content\/uploads\/2024\/11\/E-160-400x250.jpg",400,250,true],"et-pb-post-main-image-fullwidth":["https:\/\/sanvicentedepaul-mataderos.edu.ar\/wp-content\/uploads\/2024\/11\/E-160-1080x675.jpg",1080,675,true],"et-pb-portfolio-image":["https:\/\/sanvicentedepaul-mataderos.edu.ar\/wp-content\/uploads\/2024\/11\/E-160-400x284.jpg",400,284,true],"et-pb-portfolio-module-image":["https:\/\/sanvicentedepaul-mataderos.edu.ar\/wp-content\/uploads\/2024\/11\/E-160-510x382.jpg",510,382,true],"et-pb-portfolio-image-single":["https:\/\/sanvicentedepaul-mataderos.edu.ar\/wp-content\/uploads\/2024\/11\/E-160-1080x720.jpg",1080,720,true],"et-pb-gallery-module-image-portrait":["https:\/\/sanvicentedepaul-mataderos.edu.ar\/wp-content\/uploads\/2024\/11\/E-160-400x516.jpg",400,516,true],"et-pb-post-main-image-fullwidth-large":["https:\/\/sanvicentedepaul-mataderos.edu.ar\/wp-content\/uploads\/2024\/11\/E-160-2880x1800.jpg",2880,1800,true],"et-pb-image--responsive--desktop":["https:\/\/sanvicentedepaul-mataderos.edu.ar\/wp-content\/uploads\/2024\/11\/E-160-1280x854.jpg",1079,720,true],"et-pb-image--responsive--tablet":["https:\/\/sanvicentedepaul-mataderos.edu.ar\/wp-content\/uploads\/2024\/11\/E-160-980x653.jpg",827,551,true],"et-pb-image--responsive--phone":["https:\/\/sanvicentedepaul-mataderos.edu.ar\/wp-content\/uploads\/2024\/11\/E-160-480x320.jpg",405,270,true]},"uagb_author_info":{"display_name":"Matias Ojeda","author_link":"https:\/\/sanvicentedepaul-mataderos.edu.ar\/?author=6"},"uagb_comment_info":0,"uagb_excerpt":"Festejamos en comunidad el Centenario de nuestra querida escuela","_links":{"self":[{"href":"https:\/\/sanvicentedepaul-mataderos.edu.ar\/index.php?rest_route=\/wp\/v2\/posts\/1394","targetHints":{"allow":["GET"]}}],"collection":[{"href":"https:\/\/sanvicentedepaul-mataderos.edu.ar\/index.php?rest_route=\/wp\/v2\/posts"}],"about":[{"href":"https:\/\/sanvicentedepaul-mataderos.edu.ar\/index.php?rest_route=\/wp\/v2\/types\/post"}],"author":[{"embeddable":true,"href":"https:\/\/sanvicentedepaul-mataderos.edu.ar\/index.php?rest_route=\/wp\/v2\/users\/6"}],"replies":[{"embeddable":true,"href":"https:\/\/sanvicentedepaul-mataderos.edu.ar\/index.php?rest_route=%2Fwp%2Fv2%2Fcomments&post=1394"}],"version-history":[{"count":2,"href":"https:\/\/sanvicentedepaul-mataderos.edu.ar\/index.php?rest_route=\/wp\/v2\/posts\/1394\/revisions"}],"predecessor-version":[{"id":1410,"href":"https:\/\/sanvicentedepaul-mataderos.edu.ar\/index.php?rest_route=\/wp\/v2\/posts\/1394\/revisions\/1410"}],"wp:featuredmedia":[{"embeddable":true,"href":"https:\/\/sanvicentedepaul-mataderos.edu.ar\/index.php?rest_route=\/wp\/v2\/media\/1402"}],"wp:attachment":[{"href":"https:\/\/sanvicentedepaul-mataderos.edu.ar\/index.php?rest_route=%2Fwp%2Fv2%2Fmedia&parent=1394"}],"wp:term":[{"taxonomy":"category","embeddable":true,"href":"https:\/\/sanvicentedepaul-mataderos.edu.ar\/index.php?rest_route=%2Fwp%2Fv2%2Fcategories&post=1394"},{"taxonomy":"post_tag","embeddable":true,"href":"https:\/\/sanvicentedepaul-mataderos.edu.ar\/index.php?rest_route=%2Fwp%2Fv2%2Ftags&post=1394"}],"curies":[{"name":"wp","href":"https:\/\/api.w.org\/{rel}","templated":true}]}}